{"id":1524,"date":"2013-11-05T12:42:24","date_gmt":"2013-11-05T12:42:24","guid":{"rendered":"http:\/\/omidewa.com.br\/public_html\/?p=1524"},"modified":"2014-12-08T23:46:32","modified_gmt":"2014-12-08T23:46:32","slug":"1524","status":"publish","type":"post","link":"http:\/\/omidewa.com.br\/public_html\/arquivos\/1524","title":{"rendered":"III CONAPIR &#8211; 2013"},"content":{"rendered":"<p style=\"text-align: center;\"><a href=\"http:\/\/omidewa.com.br\/public_html\/wp-content\/uploads\/2013\/11\/cartaz_A2.jpg\"><img decoding=\"async\" loading=\"lazy\" class=\"aligncenter  wp-image-1525\" title=\"cartaz_A2\" src=\"http:\/\/omidewa.com.br\/public_html\/wp-content\/uploads\/2013\/11\/cartaz_A2.jpg\" alt=\"\" width=\"480\" height=\"342\" srcset=\"http:\/\/omidewa.com.br\/public_html\/wp-content\/uploads\/2013\/11\/cartaz_A2.jpg 600w, http:\/\/omidewa.com.br\/public_html\/wp-content\/uploads\/2013\/11\/cartaz_A2-300x213.jpg 300w\" sizes=\"(max-width: 480px) 100vw, 480px\" \/><\/a><\/p>\n<p>A Iy\u00e1 L\u00facia d&#8217;Osun, do Il\u00ea As\u00e8 Omidew\u00e1, participa da\u00a0<strong><em>III Confer\u00eancia Nacional de Promo\u00e7\u00e3o da Igualdade Racial \u2013 III CONAPIR<\/em><\/strong>,<strong>\u00a0<\/strong>como Delegada, representando a Para\u00edba. Haver\u00e1 um\u00a0amplo debate em torno do tema <strong>\u201c<\/strong><strong>Democracia e desenvolvimento sem racismo: por um Brasil afirmativo<\/strong><strong>\u201d.<strong>\u00a0<\/strong><\/strong>A<strong>\u00a0<\/strong>solenidade de abertura (\u00e0s 19h do dia 5)<strong>\u00a0<\/strong>e o encerramento da III CONAPIR ser\u00e3o transmitidos ao vivo pela TV NBR e pelo site\u00a0 do evento <a href=\"http:\/\/iiiconapir.seppir.gov.br\/\">http:\/\/iiiconapir.seppir.gov.br\/<\/a>, onde tamb\u00e9m poder\u00e3o ser conferidas entrevistas de participantes, fotos, mat\u00e9rias e v\u00eddeos. Nos tr\u00eas dias de Confer\u00eancia, a miss\u00e3o dos (as) participantes \u00e9 apontar caminhos para a constru\u00e7\u00e3o de um Brasil afirmativo, que considere a import\u00e2ncia da inclus\u00e3o racial nos processos de democratiza\u00e7\u00e3o e desenvolvimento do pa\u00eds. O debate se d\u00e1 numa conjuntura favor\u00e1vel, com ac\u00famulo de conquistas pol\u00edticas, econ\u00f4micas e sociais para o segmento negro que, pela primeira vez representa oficialmente mais da metade da popula\u00e7\u00e3o (50,7%) por autodeclara\u00e7\u00e3o no \u00faltimo Censo do IBGE (2010).<\/p>\n<p>A Secretaria de Pol\u00edticas de Promo\u00e7\u00e3o da Igualdade Racial da Presid\u00eancia da Rep\u00fablica (SEPPIR\/PR) e o Conselho Nacional de Promo\u00e7\u00e3o da Igualdade Racial (CNPIR) coordenam a organiza\u00e7\u00e3o do evento, que ter\u00e1 1.200 delegados e delegadas, al\u00e9m de 200 convidados.<\/p>\n<p><strong>III Confer\u00eancia Nacional de Promo\u00e7\u00e3o da Igualdade Racial \u2013 III CONAPIR<\/strong><\/p>\n<p><strong>Centro de Conven\u00e7\u00f5es e Eventos Brasil 21, em Bras\u00edlia\/DF.<\/strong><\/p>\n<p><strong>Dias 5, 6 e 7 de novembro de 2013.<\/strong><\/p>\n","protected":false},"excerpt":{"rendered":"<p>A Iy\u00e1 L\u00facia d&#8217;Osun, do Il\u00ea As\u00e8 Omidew\u00e1, participa da\u00a0III Confer\u00eancia Nacional de Promo\u00e7\u00e3o da Igualdade Racial \u2013 III CONAPIR,\u00a0como Delegada, representando a Para\u00edba. Haver\u00e1 um\u00a0amplo debate em torno do tema \u201cDemocracia e desenvolvimento sem racismo: por um Brasil afirmativo\u201d.\u00a0A\u00a0solenidade de abertura (\u00e0s 19h do dia 5)\u00a0e o encerramento da III CONAPIR ser\u00e3o transmitidos ao &hellip; <\/p>\n<p><a class=\"more-link block-button\" href=\"http:\/\/omidewa.com.br\/public_html\/arquivos\/1524\">Continue lendo &raquo;<\/a><\/p>\n","protected":false},"author":1,"featured_media":0,"comment_status":"open","ping_status":"open","sticky":false,"template":"","format":"standard","meta":[],"categories":[51],"tags":[],"_links":{"self":[{"href":"http:\/\/omidewa.com.br\/public_html\/wp-json\/wp\/v2\/posts\/1524"}],"collection":[{"href":"http:\/\/omidewa.com.br\/public_html\/wp-json\/wp\/v2\/posts"}],"about":[{"href":"http:\/\/omidewa.com.br\/public_html\/wp-json\/wp\/v2\/types\/post"}],"author":[{"embeddable":true,"href":"http:\/\/omidewa.com.br\/public_html\/wp-json\/wp\/v2\/users\/1"}],"replies":[{"embeddable":true,"href":"http:\/\/omidewa.com.br\/public_html\/wp-json\/wp\/v2\/comments?post=1524"}],"version-history":[{"count":7,"href":"http:\/\/omidewa.com.br\/public_html\/wp-json\/wp\/v2\/posts\/1524\/revisions"}],"predecessor-version":[{"id":1759,"href":"http:\/\/omidewa.com.br\/public_html\/wp-json\/wp\/v2\/posts\/1524\/revisions\/1759"}],"wp:attachment":[{"href":"http:\/\/omidewa.com.br\/public_html\/wp-json\/wp\/v2\/media?parent=1524"}],"wp:term":[{"taxonomy":"category","embeddable":true,"href":"http:\/\/omidewa.com.br\/public_html\/wp-json\/wp\/v2\/categories?post=1524"},{"taxonomy":"post_tag","embeddable":true,"href":"http:\/\/omidewa.com.br\/public_html\/wp-json\/wp\/v2\/tags?post=1524"}],"curies":[{"name":"wp","href":"https:\/\/api.w.org\/{rel}","templated":true}]}}