{"id":1536,"date":"2013-11-18T16:05:58","date_gmt":"2013-11-18T16:05:58","guid":{"rendered":"http:\/\/omidewa.com.br\/public_html\/?p=1536"},"modified":"2013-11-18T16:11:52","modified_gmt":"2013-11-18T16:11:52","slug":"festa-do-caboclo-boiadeiro","status":"publish","type":"post","link":"http:\/\/omidewa.com.br\/public_html\/arquivos\/1536","title":{"rendered":"Festa do Caboclo Boiadeiro"},"content":{"rendered":"<p style=\"text-align: left;\"><a href=\"http:\/\/omidewa.com.br\/public_html\/wp-content\/uploads\/2013\/11\/b.jpg\"><img decoding=\"async\" loading=\"lazy\" class=\"aligncenter  wp-image-1537\" title=\"b\" src=\"http:\/\/omidewa.com.br\/public_html\/wp-content\/uploads\/2013\/11\/b.jpg\" alt=\"\" width=\"640\" height=\"198\" srcset=\"http:\/\/omidewa.com.br\/public_html\/wp-content\/uploads\/2013\/11\/b.jpg 800w, http:\/\/omidewa.com.br\/public_html\/wp-content\/uploads\/2013\/11\/b-300x93.jpg 300w\" sizes=\"(max-width: 640px) 100vw, 640px\" \/><\/a>Dia 23 de novembro de 2013 haver\u00e1 a Festa do Caboclo Boiadeiro, no Il\u00ea As\u00e8 Omidew\u00e1, a partir das 19h.<\/p>\n<p style=\"text-align: left;\">Contamos com sua presen\u00e7a.<\/p>\n<p style=\"text-align: left;\">Chetu\u00e1!<\/p>\n","protected":false},"excerpt":{"rendered":"<p>Dia 23 de novembro de 2013 haver\u00e1 a Festa do Caboclo Boiadeiro, no Il\u00ea As\u00e8 Omidew\u00e1, a partir das 19h. Contamos com sua presen\u00e7a. Chetu\u00e1!<\/p>\n","protected":false},"author":1,"featured_media":0,"comment_status":"open","ping_status":"open","sticky":false,"template":"","format":"standard","meta":[],"categories":[1],"tags":[],"_links":{"self":[{"href":"http:\/\/omidewa.com.br\/public_html\/wp-json\/wp\/v2\/posts\/1536"}],"collection":[{"href":"http:\/\/omidewa.com.br\/public_html\/wp-json\/wp\/v2\/posts"}],"about":[{"href":"http:\/\/omidewa.com.br\/public_html\/wp-json\/wp\/v2\/types\/post"}],"author":[{"embeddable":true,"href":"http:\/\/omidewa.com.br\/public_html\/wp-json\/wp\/v2\/users\/1"}],"replies":[{"embeddable":true,"href":"http:\/\/omidewa.com.br\/public_html\/wp-json\/wp\/v2\/comments?post=1536"}],"version-history":[{"count":6,"href":"http:\/\/omidewa.com.br\/public_html\/wp-json\/wp\/v2\/posts\/1536\/revisions"}],"predecessor-version":[{"id":1541,"href":"http:\/\/omidewa.com.br\/public_html\/wp-json\/wp\/v2\/posts\/1536\/revisions\/1541"}],"wp:attachment":[{"href":"http:\/\/omidewa.com.br\/public_html\/wp-json\/wp\/v2\/media?parent=1536"}],"wp:term":[{"taxonomy":"category","embeddable":true,"href":"http:\/\/omidewa.com.br\/public_html\/wp-json\/wp\/v2\/categories?post=1536"},{"taxonomy":"post_tag","embeddable":true,"href":"http:\/\/omidewa.com.br\/public_html\/wp-json\/wp\/v2\/tags?post=1536"}],"curies":[{"name":"wp","href":"https:\/\/api.w.org\/{rel}","templated":true}]}}