{"id":1560,"date":"2014-03-11T16:35:52","date_gmt":"2014-03-11T16:35:52","guid":{"rendered":"http:\/\/omidewa.com.br\/public_html\/?p=1560"},"modified":"2014-03-11T16:38:07","modified_gmt":"2014-03-11T16:38:07","slug":"odum-etalelogbon-de-iya-lucia-dosun","status":"publish","type":"post","link":"http:\/\/omidewa.com.br\/public_html\/arquivos\/1560","title":{"rendered":"Od\u00fam \u00c9t\u00e0l\u00e9l\u00f3gb\u00f2n de Iy\u00e1 L\u00facia d&#8217;Osun"},"content":{"rendered":"<p style=\"text-align: center;\"><a href=\"http:\/\/omidewa.com.br\/public_html\/wp-content\/uploads\/2014\/03\/mae2.jpg\"><img decoding=\"async\" loading=\"lazy\" class=\"aligncenter  wp-image-1562\" title=\"mae2\" src=\"http:\/\/omidewa.com.br\/public_html\/wp-content\/uploads\/2014\/03\/mae2.jpg\" alt=\"\" width=\"432\" height=\"289\" srcset=\"http:\/\/omidewa.com.br\/public_html\/wp-content\/uploads\/2014\/03\/mae2.jpg 720w, http:\/\/omidewa.com.br\/public_html\/wp-content\/uploads\/2014\/03\/mae2-300x200.jpg 300w\" sizes=\"(max-width: 432px) 100vw, 432px\" \/><\/a><\/p>\n<p>&nbsp;<\/p>\n<p>E dia\u00a0<strong>10 de mar\u00e7o de 2014<\/strong>\u00a0a Iyaloris\u00e1 L\u00facia d&#8217;Osun &#8220;Omidew\u00e1&#8221; comemorou 33 anos de inicia\u00e7\u00e3o para o Culto dos Oris\u00e1s. Exemplo de Respeito, Dedica\u00e7\u00e3o e Ren\u00fancias, por Amor e F\u00e9 aos Oris\u00e1s.<\/p>\n<p>A seguir homenagem feita por alguns de seus filhos de santo:<\/p>\n<p><em>&#8220;Uma corujinha me contou que h\u00e1 exatos 33 anos, ou seja, no dia 10 de mar\u00e7o de 1981, se iniciava para o culto dos Orix\u00e1s a mais formosa, disciplinada e dedicada filha de Oxum&#8230; Essa pessoa t\u00e3o especial, que com sua natureza de M\u00e3e, cativa atodas as pessoas que dela se aproximam, e a quem no dia de hoje rendo minha homenagem \u00e9, para mim, a maior Iyalorix\u00e1 do mundo. Ocupa um lugar de prioridade na minha vida, pois n\u00e3o s\u00f3 me iniciou para o culto dos Orix\u00e1s, como tamb\u00e9m tem sido amiga, companheira nas justas batalhas, cuidadora e M\u00e3e. Ela \u00e9 a\u00a0<a href=\"https:\/\/www.facebook.com\/lucia.oliveira.35\">Iy\u00e1 L\u00facia Omidew\u00e1<\/a>! Nossa M\u00e3e L\u00facia de Oxum! A filha das \u00e1guas ligeiras, que nos banha e nos fortalece para essa longa caminhada que \u00e9 a vida! Minha M\u00e3e, que os Orix\u00e1s a iluminem, protejam e fortale\u00e7am para que a senhora continue assumindo esse mister de luz, com muita felicidade, sa\u00fade, paz e harmonia! Eu, toda a nossa fam\u00edlia espiritual, parentes, amigxs, a amamos muito! Bab\u00e1 Osolufan estenda o Seu Al\u00e1 sobre a senhora e a defenda de todos os males! Bjoks de luz e de Ax\u00e9! Sua b\u00ean\u00e7\u00e3o!\u00a0<strong>(Yaw\u00f3 Ricardo d&#8217;Osalufan)<\/strong>&#8220;.<\/em><\/p>\n<p>&nbsp;<\/p>\n<p><em>&#8220;Quero hoje agradecer a Olodumare pela senhora que me acolheu em sua casa Os\u00fan adup\u00e9 minha m\u00e3e, agradecer a sua dileta filha Iy\u00e0 Omidew\u00e1\u00a0que n\u00e3o s\u00f3 me acolheu mas me ajudou a nascer pro orix\u00e1 e de suas m\u00e3os generosas endireitou minha vida no caminho da espiritualidade e me trouxe a prosperidade. \u00c9 na sua dedica\u00e7\u00e3o e exig\u00eancia que aprendemos o que \u00e9 orix\u00e1 e estamos longe eu sei m\u00e3e de sermos como a senhora mas estamos no caminho estamos aprendendo com a senhora. A senhora desposou o orix\u00e1 em sua vida e como \u00e9 bom fazer parte desse dia, como \u00e9 bom ter nascido debaixo da saia de Os\u00fan, como \u00e9 bom fazer parte desta hist\u00f3ria como seu filho. Parab\u00e9ns M\u00e3e&#8230;Que Os\u00fan e Olorun nos deem a graca de estar sempre com a senhora\u00a0<strong>(Yaw\u00f3 J\u00fanior d&#8217;Iemanj\u00e1)<\/strong>&#8220;.<\/em><\/p>\n<p>&nbsp;<\/p>\n<p><em>&#8220;Hoje \u00e9 dia de homenagem pelo\u00a0Od\u00fam \u00c9t\u00e0l\u00e9l\u00f3gb\u00f2n\u00a0de minha Iy\u00e1 L\u00facia Omidew\u00e1. H\u00e1 33 anos atr\u00e1s nascia para o mundo espiritual uma yaw\u00f3 que mais tarde seria uma Iy\u00e1loris\u00e1 de renome na Para\u00edba e adjac\u00eancia. Todo m\u00e9rito conquistado atribuiu sempre a sua senhora \u00d2s\u00fan. Tem dedicado sua vida aos \u00f2r\u00ecs\u00e0s frente ao Il\u00ea As\u00e9 Omidew\u00e1 e a todos n\u00f3s os seus filhos. Neste dia quero agradecer ao Or\u00fan e a minha Iy\u00e1 \u00d2s\u00fan por t\u00ea-la em minha vida! Rogo a todos os \u00f2r\u00ecs\u00e0s que continue multiplicando seus anos de vida, com muita sa\u00fade e que nos conceda o privil\u00e9gio de t\u00ea-la em nossas vidas orientando, exortando e ensinando\u00a0<strong>(Yaw\u00f3 Carlos d&#8217;Sang\u00f2)<\/strong>&#8220;.\u00a0<\/em><\/p>\n<p><em>\u00a0<\/em><\/p>\n<p><em>&#8220;Sra. L\u00facia de F\u00e1tima, batizada pelos Orix\u00e1s e conhecida pelo seu povo como Omidew\u00e1, As \u00e1guas que chegou neste mundo para brilhar e fazer a diferen\u00e7a nesta cidade de Jo\u00e3o Pessoa, onde essa guerreira da espada de ouro lutou e derramou seu suor para estar hoje representando o nosso povo africano como sacerdotisa do culto aos Oris\u00e1s, a 33 anos atr\u00e1s recebeu das m\u00e3os de Osun a d\u00e1diva de nascer de novo e\u00a0semear gr\u00e3os aqui no Brasil, que esta data se repita e seja eterna em sua vida, que Oxum e seu filho Logun lhe fa\u00e7a sempre esta mulher aben\u00e7oada e que encha seus dias de ben\u00e7\u00e3os , que Ogum sempre esteja ao seu lado lhe dando for\u00e7a para vencer as batalhas da vida, Adup\u00e1 a Olorum e a Osun por ter lhe reencontrado nesta vida, para cumprir minha miss\u00e3o, Parab\u00e9ns por esta sempre em p\u00e9 para vencer todos os obst\u00e1culos da vida sacerdotal que a eterna OXUM n\u00f3s traga paz.\u00a0<strong>(Yaw\u00f3\u00a0Inardson d&#8217;Logun)<\/strong>&#8220;.<\/em><\/p>\n<p>&nbsp;<\/p>\n<p><em>&#8220;Que Deus Todo Poderoso, atrav\u00e9s de suas for\u00e7as sagradas que denominamos Orix\u00e1s concedam a nossa Iy\u00e1 L\u00facia Omidew\u00e1\u00a0muito discernimento, for\u00e7a, coragem e determina\u00e7\u00e3o para continuar por muito mais tempo sua miss\u00e3o de tomar conta de nossa casa. Que a luz infinita de Oxum ilumine seus pensamentos e prop\u00f3sitos sempre.\u00a0<strong>(Yaw\u00f3 Vanuza d&#8217;Osun)<\/strong>&#8220;.<\/em><\/p>\n<div><\/div>\n","protected":false},"excerpt":{"rendered":"<p>&nbsp; E dia\u00a010 de mar\u00e7o de 2014\u00a0a Iyaloris\u00e1 L\u00facia d&#8217;Osun &#8220;Omidew\u00e1&#8221; comemorou 33 anos de inicia\u00e7\u00e3o para o Culto dos Oris\u00e1s. Exemplo de Respeito, Dedica\u00e7\u00e3o e Ren\u00fancias, por Amor e F\u00e9 aos Oris\u00e1s. A seguir homenagem feita por alguns de seus filhos de santo: &#8220;Uma corujinha me contou que h\u00e1 exatos 33 anos, ou seja, &hellip; <\/p>\n<p><a class=\"more-link block-button\" href=\"http:\/\/omidewa.com.br\/public_html\/arquivos\/1560\">Continue lendo &raquo;<\/a><\/p>\n","protected":false},"author":1,"featured_media":0,"comment_status":"open","ping_status":"open","sticky":false,"template":"","format":"standard","meta":[],"categories":[1],"tags":[],"_links":{"self":[{"href":"http:\/\/omidewa.com.br\/public_html\/wp-json\/wp\/v2\/posts\/1560"}],"collection":[{"href":"http:\/\/omidewa.com.br\/public_html\/wp-json\/wp\/v2\/posts"}],"about":[{"href":"http:\/\/omidewa.com.br\/public_html\/wp-json\/wp\/v2\/types\/post"}],"author":[{"embeddable":true,"href":"http:\/\/omidewa.com.br\/public_html\/wp-json\/wp\/v2\/users\/1"}],"replies":[{"embeddable":true,"href":"http:\/\/omidewa.com.br\/public_html\/wp-json\/wp\/v2\/comments?post=1560"}],"version-history":[{"count":17,"href":"http:\/\/omidewa.com.br\/public_html\/wp-json\/wp\/v2\/posts\/1560\/revisions"}],"predecessor-version":[{"id":1579,"href":"http:\/\/omidewa.com.br\/public_html\/wp-json\/wp\/v2\/posts\/1560\/revisions\/1579"}],"wp:attachment":[{"href":"http:\/\/omidewa.com.br\/public_html\/wp-json\/wp\/v2\/media?parent=1560"}],"wp:term":[{"taxonomy":"category","embeddable":true,"href":"http:\/\/omidewa.com.br\/public_html\/wp-json\/wp\/v2\/categories?post=1560"},{"taxonomy":"post_tag","embeddable":true,"href":"http:\/\/omidewa.com.br\/public_html\/wp-json\/wp\/v2\/tags?post=1560"}],"curies":[{"name":"wp","href":"https:\/\/api.w.org\/{rel}","templated":true}]}}