{"id":1583,"date":"2014-04-25T04:22:12","date_gmt":"2014-04-25T04:22:12","guid":{"rendered":"http:\/\/omidewa.com.br\/public_html\/?p=1583"},"modified":"2014-12-09T00:07:01","modified_gmt":"2014-12-09T00:07:01","slug":"oficina-de-trabalho-seguranca-alimentar-e-nutricional","status":"publish","type":"post","link":"http:\/\/omidewa.com.br\/public_html\/arquivos\/1583","title":{"rendered":"Oficina de trabalho \u201cSeguran\u00e7a Alimentar e Nutricional&#8221;"},"content":{"rendered":"<p style=\"text-align: center;\"><a href=\"http:\/\/omidewa.com.br\/public_html\/wp-content\/uploads\/2014\/04\/Figura122.jpg\"><img decoding=\"async\" loading=\"lazy\" class=\"aligncenter  wp-image-1589\" title=\"Figura12\" src=\"http:\/\/omidewa.com.br\/public_html\/wp-content\/uploads\/2014\/04\/Figura122.jpg\" alt=\"\" width=\"474\" height=\"532\" srcset=\"http:\/\/omidewa.com.br\/public_html\/wp-content\/uploads\/2014\/04\/Figura122.jpg 592w, http:\/\/omidewa.com.br\/public_html\/wp-content\/uploads\/2014\/04\/Figura122-267x300.jpg 267w\" sizes=\"(max-width: 474px) 100vw, 474px\" \/><\/a><\/p>\n<p>Nossa Iy\u00e1 L\u00facia Omidew\u00e1 marcando presen\u00e7a!<\/p>\n<p>A Secretaria de Pol\u00edticas para Comunidades Tradicionais \u2013 SECOMT\/SEPPIR realiza a oficina de trabalho \u201cSeguran\u00e7a Alimentar e Nutricional dos Povos e Comunidades Tradicionais de Matriz Africana\u201d de 23 a 26\/abril\/2014, no Centro de Conven\u00e7\u00f5es Israel Pinheiro, em Bras\u00edlia-DF. Voltada para gestores p\u00fablicos e lideran\u00e7as de comunidades tradicionais de matriz africana, a atividade recebe participantes de todo o pa\u00eds. O objetivo principal \u00e9 debater o acesso dos povos e comunidades tradicionais de matriz africana a pol\u00edticas sociais dos governos federal, estaduais e municipais, sobretudo voltadas \u00e0 garantia da Seguran\u00e7a Alimentar e Nutricional. Entre as propostas, consta ainda avaliar a atua\u00e7\u00e3o dos Comit\u00eas Gestores Estaduais da A\u00e7\u00e3o de Distribui\u00e7\u00e3o de Alimentos para Povos e Comunidades Tradicionais de Matriz Africana (CGMAF\u2019s). Al\u00e9m disso, ser\u00e3o definidas estrat\u00e9gias e adequa\u00e7\u00f5es para aprimoramento da gest\u00e3o da A\u00e7\u00e3o de Distribui\u00e7\u00e3o de Alimentos pelos CGMAF\u2019S, Secretaria de Pol\u00edticas de Promo\u00e7\u00e3o da Igualdade Racial \u2013 SEPPIR, Minist\u00e9rio do Desenvolvimento Social e Combate \u00e0 Fome \u2013 MDS e Companhia Nacional de Abastecimento \u2013 Conab.<\/p>\n","protected":false},"excerpt":{"rendered":"<p>Nossa Iy\u00e1 L\u00facia Omidew\u00e1 marcando presen\u00e7a! A Secretaria de Pol\u00edticas para Comunidades Tradicionais \u2013 SECOMT\/SEPPIR realiza a oficina de trabalho \u201cSeguran\u00e7a Alimentar e Nutricional dos Povos e Comunidades Tradicionais de Matriz Africana\u201d de 23 a 26\/abril\/2014, no Centro de Conven\u00e7\u00f5es Israel Pinheiro, em Bras\u00edlia-DF. Voltada para gestores p\u00fablicos e lideran\u00e7as de comunidades tradicionais de matriz &hellip; <\/p>\n<p><a class=\"more-link block-button\" href=\"http:\/\/omidewa.com.br\/public_html\/arquivos\/1583\">Continue lendo &raquo;<\/a><\/p>\n","protected":false},"author":1,"featured_media":0,"comment_status":"open","ping_status":"open","sticky":false,"template":"","format":"standard","meta":[],"categories":[51],"tags":[],"_links":{"self":[{"href":"http:\/\/omidewa.com.br\/public_html\/wp-json\/wp\/v2\/posts\/1583"}],"collection":[{"href":"http:\/\/omidewa.com.br\/public_html\/wp-json\/wp\/v2\/posts"}],"about":[{"href":"http:\/\/omidewa.com.br\/public_html\/wp-json\/wp\/v2\/types\/post"}],"author":[{"embeddable":true,"href":"http:\/\/omidewa.com.br\/public_html\/wp-json\/wp\/v2\/users\/1"}],"replies":[{"embeddable":true,"href":"http:\/\/omidewa.com.br\/public_html\/wp-json\/wp\/v2\/comments?post=1583"}],"version-history":[{"count":7,"href":"http:\/\/omidewa.com.br\/public_html\/wp-json\/wp\/v2\/posts\/1583\/revisions"}],"predecessor-version":[{"id":1814,"href":"http:\/\/omidewa.com.br\/public_html\/wp-json\/wp\/v2\/posts\/1583\/revisions\/1814"}],"wp:attachment":[{"href":"http:\/\/omidewa.com.br\/public_html\/wp-json\/wp\/v2\/media?parent=1583"}],"wp:term":[{"taxonomy":"category","embeddable":true,"href":"http:\/\/omidewa.com.br\/public_html\/wp-json\/wp\/v2\/categories?post=1583"},{"taxonomy":"post_tag","embeddable":true,"href":"http:\/\/omidewa.com.br\/public_html\/wp-json\/wp\/v2\/tags?post=1583"}],"curies":[{"name":"wp","href":"https:\/\/api.w.org\/{rel}","templated":true}]}}