{"id":1592,"date":"2014-04-27T00:03:38","date_gmt":"2014-04-27T00:03:38","guid":{"rendered":"http:\/\/omidewa.com.br\/public_html\/?p=1592"},"modified":"2014-12-08T23:45:48","modified_gmt":"2014-12-08T23:45:48","slug":"campanha-nacional-de-vacinacao-contra-a-gripe","status":"publish","type":"post","link":"http:\/\/omidewa.com.br\/public_html\/arquivos\/1592","title":{"rendered":"Campanha Nacional de Vacina\u00e7\u00e3o contra a Gripe"},"content":{"rendered":"<p style=\"text-align: center;\"><a href=\"http:\/\/omidewa.com.br\/public_html\/wp-content\/uploads\/2014\/04\/VACINA.png\"><img decoding=\"async\" loading=\"lazy\" class=\"aligncenter  wp-image-1633\" title=\"VACINA\" src=\"http:\/\/omidewa.com.br\/public_html\/wp-content\/uploads\/2014\/04\/VACINA.png\" alt=\"\" width=\"564\" height=\"422\" srcset=\"http:\/\/omidewa.com.br\/public_html\/wp-content\/uploads\/2014\/04\/VACINA.png 940w, http:\/\/omidewa.com.br\/public_html\/wp-content\/uploads\/2014\/04\/VACINA-300x224.png 300w\" sizes=\"(max-width: 564px) 100vw, 564px\" \/><\/a><a href=\"http:\/\/omidewa.com.br\/public_html\/wp-content\/uploads\/2014\/04\/vacina\u00e7\u00e3o1.jpg\"><img decoding=\"async\" loading=\"lazy\" class=\"aligncenter  wp-image-1595\" title=\"vacina\u00e7\u00e3o1\" src=\"http:\/\/omidewa.com.br\/public_html\/wp-content\/uploads\/2014\/04\/vacina\u00e7\u00e3o1.jpg\" alt=\"\" width=\"545\" height=\"202\" srcset=\"http:\/\/omidewa.com.br\/public_html\/wp-content\/uploads\/2014\/04\/vacina\u00e7\u00e3o1.jpg 851w, http:\/\/omidewa.com.br\/public_html\/wp-content\/uploads\/2014\/04\/vacina\u00e7\u00e3o1-300x111.jpg 300w\" sizes=\"(max-width: 545px) 100vw, 545px\" \/><\/a><\/p>\n<p>ATEN\u00c7\u00c3O POVO DE TERREIRO!<\/p>\n<p>SEJA MULTIPLICADOR.\u00a0INFORME AOS FILHOS DAS SUAS CASAS SOBRE A CAMPANHA DA VACINA\u00c7\u00c3O.<br \/>\nA campanha nacional de vacina\u00e7\u00e3o contra a gripe deste ano ser\u00e1 realizada de 22 de abril a 9 de maio\/2014.<\/p>\n<p>Quem deve se vacinar contra a gripe?<\/p>\n<ul>\n<li>Pessoas com 60 anos ou mais;<\/li>\n<li>Mulheres no per\u00edodo p\u00f3s-parto (45 dias);<\/li>\n<li>Crian\u00e7as de 6 meses a menores de 5 anos;<\/li>\n<li>Gestantes;<\/li>\n<li>Portadores de doen\u00e7as cr\u00f4nicas.<\/li>\n<\/ul>\n<p>Uma campanha do <a href=\"http:\/\/portalsaude.saude.gov.br\/\" target=\"_blank\">Minist\u00e9rio da Sa\u00fade<\/a>.<\/p>\n<p>&nbsp;<\/p>\n","protected":false},"excerpt":{"rendered":"<p>ATEN\u00c7\u00c3O POVO DE TERREIRO! SEJA MULTIPLICADOR.\u00a0INFORME AOS FILHOS DAS SUAS CASAS SOBRE A CAMPANHA DA VACINA\u00c7\u00c3O. A campanha nacional de vacina\u00e7\u00e3o contra a gripe deste ano ser\u00e1 realizada de 22 de abril a 9 de maio\/2014. Quem deve se vacinar contra a gripe? Pessoas com 60 anos ou mais; Mulheres no per\u00edodo p\u00f3s-parto (45 dias); &hellip; <\/p>\n<p><a class=\"more-link block-button\" href=\"http:\/\/omidewa.com.br\/public_html\/arquivos\/1592\">Continue lendo &raquo;<\/a><\/p>\n","protected":false},"author":1,"featured_media":0,"comment_status":"open","ping_status":"open","sticky":false,"template":"","format":"standard","meta":[],"categories":[51],"tags":[],"_links":{"self":[{"href":"http:\/\/omidewa.com.br\/public_html\/wp-json\/wp\/v2\/posts\/1592"}],"collection":[{"href":"http:\/\/omidewa.com.br\/public_html\/wp-json\/wp\/v2\/posts"}],"about":[{"href":"http:\/\/omidewa.com.br\/public_html\/wp-json\/wp\/v2\/types\/post"}],"author":[{"embeddable":true,"href":"http:\/\/omidewa.com.br\/public_html\/wp-json\/wp\/v2\/users\/1"}],"replies":[{"embeddable":true,"href":"http:\/\/omidewa.com.br\/public_html\/wp-json\/wp\/v2\/comments?post=1592"}],"version-history":[{"count":13,"href":"http:\/\/omidewa.com.br\/public_html\/wp-json\/wp\/v2\/posts\/1592\/revisions"}],"predecessor-version":[{"id":1758,"href":"http:\/\/omidewa.com.br\/public_html\/wp-json\/wp\/v2\/posts\/1592\/revisions\/1758"}],"wp:attachment":[{"href":"http:\/\/omidewa.com.br\/public_html\/wp-json\/wp\/v2\/media?parent=1592"}],"wp:term":[{"taxonomy":"category","embeddable":true,"href":"http:\/\/omidewa.com.br\/public_html\/wp-json\/wp\/v2\/categories?post=1592"},{"taxonomy":"post_tag","embeddable":true,"href":"http:\/\/omidewa.com.br\/public_html\/wp-json\/wp\/v2\/tags?post=1592"}],"curies":[{"name":"wp","href":"https:\/\/api.w.org\/{rel}","templated":true}]}}