{"id":1853,"date":"2015-01-02T15:03:39","date_gmt":"2015-01-02T15:03:39","guid":{"rendered":"http:\/\/omidewa.com.br\/public_html\/?p=1853"},"modified":"2015-01-02T15:23:19","modified_gmt":"2015-01-02T15:23:19","slug":"iv-encontro-estadual-do-mops-paraiba-e-da-aneps-paraiba","status":"publish","type":"post","link":"http:\/\/omidewa.com.br\/public_html\/arquivos\/1853","title":{"rendered":"IV Encontro Estadual do MOPS Para\u00edba e da ANEPS Para\u00edba"},"content":{"rendered":"<h1 dir=\"ltr\">IV Encontro Estadual do MOPS Para\u00edba e da ANEPS Para\u00edba: Movimento Popular de Sa\u00fade e Articula\u00e7\u00e3o Nacional de Movimentos e Pr\u00e1ticas de Educa\u00e7\u00e3o Popular e Sa\u00fade<\/h1>\n<blockquote><p>Entre os dia 18 e 20 de dezembro de 2014, aconteceu em Jo\u00e3o Pessoa nas depend\u00eancias do campus da UFPB o IV Encontro Estadual do MOPS (Movimento Popular de Sa\u00fade) e ANEPS Para\u00edba (Articula\u00e7\u00e3o Nacional de Movimentos e Pr\u00e1ticas de Educa\u00e7\u00e3o popular e Sa\u00fade). O evento contou com a participa\u00e7\u00e3o de v\u00e1rios coletivos de nosso Estado e de fora dele, discutindo as pr\u00e1ticas educativas e suas a\u00e7\u00f5es voltadas para a sa\u00fade. O Il\u00ea As\u00e8 Op\u00f4 Omidew\u00e1 esteve representado assim como a RENAFRO\/PB (Rede Nacional de Religi\u00f5es Afro-Brasileiras e Sa\u00fade) pelos filhos do Il\u00ea: Vanuza d&#8217;Oxum (Omitol\u00e1) e Junior d&#8217;Iemanj\u00e1 (Omimol\u00e9). Segundo os filhos da casa o encontro foi de grande proveito por percebermos que nossas pr\u00e1ticas de sa\u00fade convergem para o bem das popula\u00e7\u00f5es beneficiadas pelo trabalho de tantos coletivos bem como uma experi\u00eancia enriquecedora em mostrar como nossas casas de culto afro s\u00e3o espa\u00e7os mantenedores e promotores de sa\u00fade, no uso da fitoterapia e das ervas sagradas do Candombl\u00e9 que mantem n\u00e3o s\u00f3 nossa sa\u00fade f\u00edsica, mas tamb\u00e9m nosso equil\u00edbrio emocional. Formamos uma parceria com o MOPS e visamos articular outras pr\u00e1ticas para juntos discutirmos sa\u00fade n\u00e3o s\u00f3 do povo de ax\u00e9, mas a sa\u00fade de todos aqueles que buscam a fitoterapia e pr\u00e1ticas sustent\u00e1veis de sa\u00fade (Por Junior d&#8217;Iemanj\u00e1).<\/p><\/blockquote>\n\n\t\t<style type=\"text\/css\">\n\t\t\t#gallery-1 {\n\t\t\t\tmargin: auto;\n\t\t\t}\n\t\t\t#gallery-1 .gallery-item {\n\t\t\t\tfloat: left;\n\t\t\t\tmargin-top: 10px;\n\t\t\t\ttext-align: center;\n\t\t\t\twidth: 50%;\n\t\t\t}\n\t\t\t#gallery-1 img {\n\t\t\t\tborder: 2px solid #cfcfcf;\n\t\t\t}\n\t\t\t#gallery-1 .gallery-caption {\n\t\t\t\tmargin-left: 0;\n\t\t\t}\n\t\t\t\/* see gallery_shortcode() in wp-includes\/media.php *\/\n\t\t<\/style>\n\t\t<div id='gallery-1' class='gallery galleryid-1853 gallery-columns-2 gallery-size-thumbnail'><dl class='gallery-item'>\n\t\t\t<dt class='gallery-icon portrait'>\n\t\t\t\t<a href='http:\/\/omidewa.com.br\/public_html\/wp-content\/uploads\/2015\/01\/MOPS-logo2.png'><img width=\"150\" height=\"150\" src=\"http:\/\/omidewa.com.br\/public_html\/wp-content\/uploads\/2015\/01\/MOPS-logo2-150x150.png\" class=\"attachment-thumbnail size-thumbnail\" alt=\"\" decoding=\"async\" loading=\"lazy\" \/><\/a>\n\t\t\t<\/dt><\/dl><dl class='gallery-item'>\n\t\t\t<dt class='gallery-icon landscape'>\n\t\t\t\t<a href='http:\/\/omidewa.com.br\/public_html\/wp-content\/uploads\/2015\/01\/ANEPS_LOGO-COREL.jpg'><img width=\"150\" height=\"150\" src=\"http:\/\/omidewa.com.br\/public_html\/wp-content\/uploads\/2015\/01\/ANEPS_LOGO-COREL-150x150.jpg\" class=\"attachment-thumbnail size-thumbnail\" alt=\"\" decoding=\"async\" loading=\"lazy\" srcset=\"http:\/\/omidewa.com.br\/public_html\/wp-content\/uploads\/2015\/01\/ANEPS_LOGO-COREL-150x150.jpg 150w, http:\/\/omidewa.com.br\/public_html\/wp-content\/uploads\/2015\/01\/ANEPS_LOGO-COREL.jpg 300w\" sizes=\"(max-width: 150px) 100vw, 150px\" \/><\/a>\n\t\t\t<\/dt><\/dl><br style=\"clear: both\" \/><dl class='gallery-item'>\n\t\t\t<dt class='gallery-icon landscape'>\n\t\t\t\t<a href='http:\/\/omidewa.com.br\/public_html\/wp-content\/uploads\/2015\/01\/6.jpg'><img width=\"150\" height=\"150\" src=\"http:\/\/omidewa.com.br\/public_html\/wp-content\/uploads\/2015\/01\/6-150x150.jpg\" class=\"attachment-thumbnail size-thumbnail\" alt=\"\" decoding=\"async\" loading=\"lazy\" \/><\/a>\n\t\t\t<\/dt><\/dl><dl class='gallery-item'>\n\t\t\t<dt class='gallery-icon landscape'>\n\t\t\t\t<a href='http:\/\/omidewa.com.br\/public_html\/wp-content\/uploads\/2015\/01\/5.jpg'><img width=\"150\" height=\"150\" src=\"http:\/\/omidewa.com.br\/public_html\/wp-content\/uploads\/2015\/01\/5-150x150.jpg\" class=\"attachment-thumbnail size-thumbnail\" alt=\"\" decoding=\"async\" loading=\"lazy\" \/><\/a>\n\t\t\t<\/dt><\/dl><br style=\"clear: both\" \/><dl class='gallery-item'>\n\t\t\t<dt class='gallery-icon landscape'>\n\t\t\t\t<a href='http:\/\/omidewa.com.br\/public_html\/wp-content\/uploads\/2015\/01\/4.jpg'><img width=\"150\" height=\"150\" src=\"http:\/\/omidewa.com.br\/public_html\/wp-content\/uploads\/2015\/01\/4-150x150.jpg\" class=\"attachment-thumbnail size-thumbnail\" alt=\"\" decoding=\"async\" loading=\"lazy\" \/><\/a>\n\t\t\t<\/dt><\/dl><dl class='gallery-item'>\n\t\t\t<dt class='gallery-icon landscape'>\n\t\t\t\t<a href='http:\/\/omidewa.com.br\/public_html\/wp-content\/uploads\/2015\/01\/3.jpg'><img width=\"150\" height=\"150\" src=\"http:\/\/omidewa.com.br\/public_html\/wp-content\/uploads\/2015\/01\/3-150x150.jpg\" class=\"attachment-thumbnail size-thumbnail\" alt=\"\" decoding=\"async\" loading=\"lazy\" \/><\/a>\n\t\t\t<\/dt><\/dl><br style=\"clear: both\" \/><dl class='gallery-item'>\n\t\t\t<dt class='gallery-icon landscape'>\n\t\t\t\t<a href='http:\/\/omidewa.com.br\/public_html\/wp-content\/uploads\/2015\/01\/2.jpg'><img width=\"150\" height=\"150\" src=\"http:\/\/omidewa.com.br\/public_html\/wp-content\/uploads\/2015\/01\/2-150x150.jpg\" class=\"attachment-thumbnail size-thumbnail\" alt=\"\" decoding=\"async\" loading=\"lazy\" \/><\/a>\n\t\t\t<\/dt><\/dl><dl class='gallery-item'>\n\t\t\t<dt class='gallery-icon landscape'>\n\t\t\t\t<a href='http:\/\/omidewa.com.br\/public_html\/wp-content\/uploads\/2015\/01\/1.jpg'><img width=\"150\" height=\"150\" src=\"http:\/\/omidewa.com.br\/public_html\/wp-content\/uploads\/2015\/01\/1-150x150.jpg\" class=\"attachment-thumbnail size-thumbnail\" alt=\"\" decoding=\"async\" loading=\"lazy\" \/><\/a>\n\t\t\t<\/dt><\/dl><br style=\"clear: both\" \/>\n\t\t<\/div>\n\n","protected":false},"excerpt":{"rendered":"<p>IV Encontro Estadual do MOPS Para\u00edba e da ANEPS Para\u00edba: Movimento Popular de Sa\u00fade e Articula\u00e7\u00e3o Nacional de Movimentos e Pr\u00e1ticas de Educa\u00e7\u00e3o Popular e Sa\u00fade Entre os dia 18 e 20 de dezembro de 2014, aconteceu em Jo\u00e3o Pessoa nas depend\u00eancias do campus da UFPB o IV Encontro Estadual do MOPS (Movimento Popular de &hellip; <\/p>\n<p><a class=\"more-link block-button\" href=\"http:\/\/omidewa.com.br\/public_html\/arquivos\/1853\">Continue lendo &raquo;<\/a><\/p>\n","protected":false},"author":1,"featured_media":0,"comment_status":"open","ping_status":"open","sticky":false,"template":"","format":"standard","meta":[],"categories":[51],"tags":[],"_links":{"self":[{"href":"http:\/\/omidewa.com.br\/public_html\/wp-json\/wp\/v2\/posts\/1853"}],"collection":[{"href":"http:\/\/omidewa.com.br\/public_html\/wp-json\/wp\/v2\/posts"}],"about":[{"href":"http:\/\/omidewa.com.br\/public_html\/wp-json\/wp\/v2\/types\/post"}],"author":[{"embeddable":true,"href":"http:\/\/omidewa.com.br\/public_html\/wp-json\/wp\/v2\/users\/1"}],"replies":[{"embeddable":true,"href":"http:\/\/omidewa.com.br\/public_html\/wp-json\/wp\/v2\/comments?post=1853"}],"version-history":[{"count":6,"href":"http:\/\/omidewa.com.br\/public_html\/wp-json\/wp\/v2\/posts\/1853\/revisions"}],"predecessor-version":[{"id":1866,"href":"http:\/\/omidewa.com.br\/public_html\/wp-json\/wp\/v2\/posts\/1853\/revisions\/1866"}],"wp:attachment":[{"href":"http:\/\/omidewa.com.br\/public_html\/wp-json\/wp\/v2\/media?parent=1853"}],"wp:term":[{"taxonomy":"category","embeddable":true,"href":"http:\/\/omidewa.com.br\/public_html\/wp-json\/wp\/v2\/categories?post=1853"},{"taxonomy":"post_tag","embeddable":true,"href":"http:\/\/omidewa.com.br\/public_html\/wp-json\/wp\/v2\/tags?post=1853"}],"curies":[{"name":"wp","href":"https:\/\/api.w.org\/{rel}","templated":true}]}}