{"id":1918,"date":"2015-02-27T18:58:15","date_gmt":"2015-02-27T18:58:15","guid":{"rendered":"http:\/\/omidewa.com.br\/public_html\/?p=1918"},"modified":"2015-02-27T18:58:15","modified_gmt":"2015-02-27T18:58:15","slug":"festa-de-oxum-2015","status":"publish","type":"post","link":"http:\/\/omidewa.com.br\/public_html\/arquivos\/1918","title":{"rendered":"Festa de Oxum 2015"},"content":{"rendered":"<p>Convidamos a tod@s para estarem na Festa de Oxum do Il\u00ea As\u00e8 Op\u00f4 Omidew\u00e1.\u00a0Para junt@s reverenciarmos nossa Iy\u00e1 Oxum, com amor, respeito e emo\u00e7\u00e3o, comemorando os 34 anos de inicia\u00e7\u00e3o da Sacerdotisa Iy\u00e1 L\u00facia Omidew\u00e1.<\/p>\n<p>Ser\u00e1 dia 28 de mar\u00e7o de 2015, a partir das 19h.<\/p>\n<p>As\u00e8!<\/p>\n<p style=\"text-align: center;\"><a href=\"http:\/\/omidewa.com.br\/public_html\/wp-content\/uploads\/2015\/02\/Festa-de-Oxum-2015.jpg\"><img decoding=\"async\" loading=\"lazy\" class=\"aligncenter  wp-image-1919\" title=\"Festa de Oxum 2015\" src=\"http:\/\/omidewa.com.br\/public_html\/wp-content\/uploads\/2015\/02\/Festa-de-Oxum-2015.jpg\" alt=\"\" width=\"560\" height=\"403\" srcset=\"http:\/\/omidewa.com.br\/public_html\/wp-content\/uploads\/2015\/02\/Festa-de-Oxum-2015.jpg 800w, http:\/\/omidewa.com.br\/public_html\/wp-content\/uploads\/2015\/02\/Festa-de-Oxum-2015-300x216.jpg 300w\" sizes=\"(max-width: 560px) 100vw, 560px\" \/><\/a><\/p>\n","protected":false},"excerpt":{"rendered":"<p>Convidamos a tod@s para estarem na Festa de Oxum do Il\u00ea As\u00e8 Op\u00f4 Omidew\u00e1.\u00a0Para junt@s reverenciarmos nossa Iy\u00e1 Oxum, com amor, respeito e emo\u00e7\u00e3o, comemorando os 34 anos de inicia\u00e7\u00e3o da Sacerdotisa Iy\u00e1 L\u00facia Omidew\u00e1. Ser\u00e1 dia 28 de mar\u00e7o de 2015, a partir das 19h. As\u00e8!<\/p>\n","protected":false},"author":1,"featured_media":0,"comment_status":"open","ping_status":"open","sticky":false,"template":"","format":"standard","meta":[],"categories":[51],"tags":[],"_links":{"self":[{"href":"http:\/\/omidewa.com.br\/public_html\/wp-json\/wp\/v2\/posts\/1918"}],"collection":[{"href":"http:\/\/omidewa.com.br\/public_html\/wp-json\/wp\/v2\/posts"}],"about":[{"href":"http:\/\/omidewa.com.br\/public_html\/wp-json\/wp\/v2\/types\/post"}],"author":[{"embeddable":true,"href":"http:\/\/omidewa.com.br\/public_html\/wp-json\/wp\/v2\/users\/1"}],"replies":[{"embeddable":true,"href":"http:\/\/omidewa.com.br\/public_html\/wp-json\/wp\/v2\/comments?post=1918"}],"version-history":[{"count":6,"href":"http:\/\/omidewa.com.br\/public_html\/wp-json\/wp\/v2\/posts\/1918\/revisions"}],"predecessor-version":[{"id":1925,"href":"http:\/\/omidewa.com.br\/public_html\/wp-json\/wp\/v2\/posts\/1918\/revisions\/1925"}],"wp:attachment":[{"href":"http:\/\/omidewa.com.br\/public_html\/wp-json\/wp\/v2\/media?parent=1918"}],"wp:term":[{"taxonomy":"category","embeddable":true,"href":"http:\/\/omidewa.com.br\/public_html\/wp-json\/wp\/v2\/categories?post=1918"},{"taxonomy":"post_tag","embeddable":true,"href":"http:\/\/omidewa.com.br\/public_html\/wp-json\/wp\/v2\/tags?post=1918"}],"curies":[{"name":"wp","href":"https:\/\/api.w.org\/{rel}","templated":true}]}}