{"id":1930,"date":"2015-03-02T16:57:12","date_gmt":"2015-03-02T16:57:12","guid":{"rendered":"http:\/\/omidewa.com.br\/public_html\/?p=1930"},"modified":"2015-03-02T16:58:21","modified_gmt":"2015-03-02T16:58:21","slug":"1930","status":"publish","type":"post","link":"http:\/\/omidewa.com.br\/public_html\/arquivos\/1930","title":{"rendered":"Ben\u00e7\u00e3o Inter-religiosa na Assembl\u00e9ia Legislativa"},"content":{"rendered":"<p>O presidente da Assembleia Legislativa da Para\u00edba, Adriano Galdino, conduziu a reabertura das atividades parlamentares, em 2015, na manh\u00e3 da ter\u00e7a-feira, dia 24 de fevereiro. A solenidade foi iniciada por uma ben\u00e7\u00e3o inter-religiosa que antecedeu o retorno dos trabalhos legislativos na 1\u00aa sess\u00e3o legislativa da 18\u00aa Legislatura.<\/p>\n<p>Ap\u00f3s as b\u00ean\u00e7\u00e3os da solenidade de abertura que foram coordenadas pelo padre Waldemir Santana, o pastor Brasimar Henrique Xavier, Marco Lima representando a religi\u00e3o esp\u00edrita e <strong><em>m\u00e3e L\u00facia de Omidew\u00e1<\/em><\/strong>, representando as religi\u00f5es de matriz africana, os parlamentares\u00a0 seguiram atentos \u00e0 1\u00aa sess\u00e3o legislativa da 18\u00aa Legislatura da ALPB que teve como primeiro discurso o do deputado Ricardo Barbosa (PSB).<\/p>\n<p style=\"text-align: center;\"><a href=\"http:\/\/omidewa.com.br\/public_html\/wp-content\/uploads\/2015\/03\/2.jpg\"><img decoding=\"async\" loading=\"lazy\" class=\"aligncenter  wp-image-1931\" title=\"2\" src=\"http:\/\/omidewa.com.br\/public_html\/wp-content\/uploads\/2015\/03\/2.jpg\" alt=\"\" width=\"538\" height=\"336\" srcset=\"http:\/\/omidewa.com.br\/public_html\/wp-content\/uploads\/2015\/03\/2.jpg 1280w, http:\/\/omidewa.com.br\/public_html\/wp-content\/uploads\/2015\/03\/2-300x187.jpg 300w, http:\/\/omidewa.com.br\/public_html\/wp-content\/uploads\/2015\/03\/2-1024x640.jpg 1024w\" sizes=\"(max-width: 538px) 100vw, 538px\" \/><\/a><\/p>\n<p>\u00a0<strong>FONTE:<\/strong>\u00a0<a title=\"Assembl\u00e9ia Legislativa\" href=\"http:\/\/www.al.pb.gov.br\/16939\/adriano-galdino-conduz-retorno-as-atividades-na-assembleia-legislativa.html\" target=\"_blank\">Assembl\u00e9ia Legislativa\u00a0<\/a><\/p>\n<p>&nbsp;<\/p>\n","protected":false},"excerpt":{"rendered":"<p>O presidente da Assembleia Legislativa da Para\u00edba, Adriano Galdino, conduziu a reabertura das atividades parlamentares, em 2015, na manh\u00e3 da ter\u00e7a-feira, dia 24 de fevereiro. A solenidade foi iniciada por uma ben\u00e7\u00e3o inter-religiosa que antecedeu o retorno dos trabalhos legislativos na 1\u00aa sess\u00e3o legislativa da 18\u00aa Legislatura. Ap\u00f3s as b\u00ean\u00e7\u00e3os da solenidade de abertura que &hellip; <\/p>\n<p><a class=\"more-link block-button\" href=\"http:\/\/omidewa.com.br\/public_html\/arquivos\/1930\">Continue lendo &raquo;<\/a><\/p>\n","protected":false},"author":1,"featured_media":0,"comment_status":"open","ping_status":"open","sticky":false,"template":"","format":"standard","meta":[],"categories":[51],"tags":[],"_links":{"self":[{"href":"http:\/\/omidewa.com.br\/public_html\/wp-json\/wp\/v2\/posts\/1930"}],"collection":[{"href":"http:\/\/omidewa.com.br\/public_html\/wp-json\/wp\/v2\/posts"}],"about":[{"href":"http:\/\/omidewa.com.br\/public_html\/wp-json\/wp\/v2\/types\/post"}],"author":[{"embeddable":true,"href":"http:\/\/omidewa.com.br\/public_html\/wp-json\/wp\/v2\/users\/1"}],"replies":[{"embeddable":true,"href":"http:\/\/omidewa.com.br\/public_html\/wp-json\/wp\/v2\/comments?post=1930"}],"version-history":[{"count":6,"href":"http:\/\/omidewa.com.br\/public_html\/wp-json\/wp\/v2\/posts\/1930\/revisions"}],"predecessor-version":[{"id":1937,"href":"http:\/\/omidewa.com.br\/public_html\/wp-json\/wp\/v2\/posts\/1930\/revisions\/1937"}],"wp:attachment":[{"href":"http:\/\/omidewa.com.br\/public_html\/wp-json\/wp\/v2\/media?parent=1930"}],"wp:term":[{"taxonomy":"category","embeddable":true,"href":"http:\/\/omidewa.com.br\/public_html\/wp-json\/wp\/v2\/categories?post=1930"},{"taxonomy":"post_tag","embeddable":true,"href":"http:\/\/omidewa.com.br\/public_html\/wp-json\/wp\/v2\/tags?post=1930"}],"curies":[{"name":"wp","href":"https:\/\/api.w.org\/{rel}","templated":true}]}}