{"id":2170,"date":"2018-01-22T17:23:46","date_gmt":"2018-01-22T17:23:46","guid":{"rendered":"http:\/\/omidewa.com.br\/public_html\/?p=2170"},"modified":"2018-03-03T18:30:55","modified_gmt":"2018-03-03T18:30:55","slug":"omidewa-60-anos-com-muito-axe","status":"publish","type":"post","link":"http:\/\/omidewa.com.br\/public_html\/arquivos\/2170","title":{"rendered":"Omidew\u00e1: 60 anos com muito ax\u00e9!"},"content":{"rendered":"<blockquote><p><a href=\"http:\/\/omidewa.com.br\/public_html\/wp-content\/uploads\/2018\/01\/mae.jpg\"><img decoding=\"async\" loading=\"lazy\" class=\"aligncenter wp-image-2172\" src=\"http:\/\/omidewa.com.br\/public_html\/wp-content\/uploads\/2018\/01\/mae.jpg\" alt=\"\" width=\"345\" height=\"345\" srcset=\"http:\/\/omidewa.com.br\/public_html\/wp-content\/uploads\/2018\/01\/mae.jpg 960w, http:\/\/omidewa.com.br\/public_html\/wp-content\/uploads\/2018\/01\/mae-150x150.jpg 150w, http:\/\/omidewa.com.br\/public_html\/wp-content\/uploads\/2018\/01\/mae-300x300.jpg 300w, http:\/\/omidewa.com.br\/public_html\/wp-content\/uploads\/2018\/01\/mae-768x768.jpg 768w\" sizes=\"(max-width: 345px) 100vw, 345px\" \/><\/a><\/p>\n<p>Omidew\u00e1: 60 anos com muito ax\u00e9!<\/p>\n<p>No \u00faltimo dia 6 de janeiro de 2018, M\u00e3e L\u00facia Omidew\u00e1 de Oxum, aniversariou seus 60 anos neste \u00c0iy\u00e9. A Coluna parabeniza essa importante Ialorix\u00e1 paraibana, nascida em Sap\u00e9, que construiu uma trajet\u00f3ria das mais destacadas dentro do universo daquilo que passamos a chamar de religi\u00f5es de<br \/>\nmatriz africana, fundando em Jo\u00e3o Pessoa o Il\u00ea de candombl\u00e9 vinculado em seus fundamentos sagrados com o Il\u00ea Ax\u00e9 Op\u00f4 Afonj\u00e1, centen\u00e1rio terreiro da capital baiana, cujo patrono \u00e9 o Orix\u00e1 Xang\u00f4, o grande Alafin de Oy\u00f3 da Nig\u00e9ria. M\u00e3e L\u00facia chega aos 60 anos com uma\u00a0maturidade religiosa que poucas lideran\u00e7as religiosas possuem. Desde que a conheci, h\u00e1 cerca de dez anos, tenho acompanhado seu trabalho social relevante, especialmente no campo da seguran\u00e7a alimentar, tendo se tornado refer\u00eancia nacional no \u00e2mbito das a\u00e7\u00f5es de controle social de pol\u00edticas p\u00fablicas de combate \u00e0 fome.<br \/>\nAl\u00e9m dos afazeres religiosos, a senhora Omidew\u00e1 tem atuado fortemente no acompanhamento p\u00fablico da sa\u00fade da popula\u00e7\u00e3o negra, compondo na Para\u00edba a Rede de Sa\u00fade nos Terreiros. Antenada, atuante e proativa, M\u00e3e L\u00facia tem sido uma guerreira intransigente na defesa dos direitos humanos e das religi\u00f5es afroamer\u00edndias.<\/p>\n<p>A esta fiel zeladora de Xang\u00f4, desejamos para nossa Iy\u00e1 que os Orix\u00e1s lhe conceda muita sa\u00fade e discernimento, para que seu trabalho social e sua a\u00e7\u00e3o com o Sagrado se prolongue por muitas e muitas d\u00e9cadas.<\/p><\/blockquote>\n<p><strong>Coluna Elej\u00f3 &#8211; Por Dalmo Oliveira<\/strong> (Ogan do Il\u00ea As\u00e8 Op\u00f4 Omidew\u00e1)<\/p>\n<p>Publicado no Jornal <strong>A UNI\u00c3O<\/strong> (Jo\u00e3o Pessoa, Para\u00edba &#8211; Domingo, 14 de janeiro de 2018).<\/p>\n","protected":false},"excerpt":{"rendered":"<p>Omidew\u00e1: 60 anos com muito ax\u00e9! No \u00faltimo dia 6 de janeiro de 2018, M\u00e3e L\u00facia Omidew\u00e1 de Oxum, aniversariou seus 60 anos neste \u00c0iy\u00e9. A Coluna parabeniza essa importante Ialorix\u00e1 paraibana, nascida em Sap\u00e9, que construiu uma trajet\u00f3ria das mais destacadas dentro do universo daquilo que passamos a chamar de religi\u00f5es de matriz africana, &hellip; <\/p>\n<p><a class=\"more-link block-button\" href=\"http:\/\/omidewa.com.br\/public_html\/arquivos\/2170\">Continue lendo &raquo;<\/a><\/p>\n","protected":false},"author":1,"featured_media":0,"comment_status":"open","ping_status":"open","sticky":false,"template":"","format":"standard","meta":[],"categories":[3],"tags":[],"_links":{"self":[{"href":"http:\/\/omidewa.com.br\/public_html\/wp-json\/wp\/v2\/posts\/2170"}],"collection":[{"href":"http:\/\/omidewa.com.br\/public_html\/wp-json\/wp\/v2\/posts"}],"about":[{"href":"http:\/\/omidewa.com.br\/public_html\/wp-json\/wp\/v2\/types\/post"}],"author":[{"embeddable":true,"href":"http:\/\/omidewa.com.br\/public_html\/wp-json\/wp\/v2\/users\/1"}],"replies":[{"embeddable":true,"href":"http:\/\/omidewa.com.br\/public_html\/wp-json\/wp\/v2\/comments?post=2170"}],"version-history":[{"count":3,"href":"http:\/\/omidewa.com.br\/public_html\/wp-json\/wp\/v2\/posts\/2170\/revisions"}],"predecessor-version":[{"id":2174,"href":"http:\/\/omidewa.com.br\/public_html\/wp-json\/wp\/v2\/posts\/2170\/revisions\/2174"}],"wp:attachment":[{"href":"http:\/\/omidewa.com.br\/public_html\/wp-json\/wp\/v2\/media?parent=2170"}],"wp:term":[{"taxonomy":"category","embeddable":true,"href":"http:\/\/omidewa.com.br\/public_html\/wp-json\/wp\/v2\/categories?post=2170"},{"taxonomy":"post_tag","embeddable":true,"href":"http:\/\/omidewa.com.br\/public_html\/wp-json\/wp\/v2\/tags?post=2170"}],"curies":[{"name":"wp","href":"https:\/\/api.w.org\/{rel}","templated":true}]}}