{"id":2399,"date":"2020-10-15T17:15:21","date_gmt":"2020-10-15T17:15:21","guid":{"rendered":"http:\/\/omidewa.com.br\/public_html\/?p=2399"},"modified":"2020-10-15T17:15:22","modified_gmt":"2020-10-15T17:15:22","slug":"itan-sobre-ewa","status":"publish","type":"post","link":"http:\/\/omidewa.com.br\/public_html\/arquivos\/2399","title":{"rendered":"Itan sobre Ew\u00e1"},"content":{"rendered":"\n<p class=\"has-text-align-center\"><img decoding=\"async\" loading=\"lazy\" width=\"720\" height=\"841\" class=\"wp-image-2400\" style=\"width: 200px;\" src=\"http:\/\/omidewa.com.br\/public_html\/wp-content\/uploads\/2020\/10\/Screenshot_20201015-1410352.png\" alt=\"\" srcset=\"http:\/\/omidewa.com.br\/public_html\/wp-content\/uploads\/2020\/10\/Screenshot_20201015-1410352.png 720w, http:\/\/omidewa.com.br\/public_html\/wp-content\/uploads\/2020\/10\/Screenshot_20201015-1410352-257x300.png 257w\" sizes=\"(max-width: 720px) 100vw, 720px\" \/><\/p>\n\n\n\n<p class=\"has-text-align-left\">&#8220;Ew\u00e1, assim, como Oxumar\u00ea, \u00e9 filha da Orix\u00e1 Nan\u00e3. Ew\u00e1 \u00e9 o horizonte, o encontro do c\u00e9u com a terra. \u00c9 o encontro do c\u00e9u com o mar. Ew\u00e1 era bela e iluminada, mas era solit\u00e1ria e muito calada. Nan\u00e3, ent\u00e3o, preocupada com sua filha, pediu a Orunmil\u00e1 que pusesse um amor em seu caminho, que arranjasse um casamento para Ew\u00e1. Mas Ew\u00e1 gostava de sua solid\u00e3o e queria, na verdade, viver s\u00f3; dedicando-se unicamente \u00e0 sua nobre tarefa de trazer a noite ao horizonte, e de mandar o sol se p\u00f4r com sua magia. Nan\u00e3, por\u00e9m, insistia em casar a filha. Ent\u00e3o, Ew\u00e1 pediu ajuda a seu irm\u00e3o Oxumar\u00ea. Dono do arco-\u00edris, Oxumar\u00ea escondeu Ew\u00e1 no lugar onde termina o arco de seu corpo. Escondeu Ew\u00e1 por tr\u00e1s do horizonte e Nan\u00e3 nunca mais p\u00f4de alcan\u00e7\u00e1-la para impor-lhe esse casamento indesejado. Assim, os dois irm\u00e3os passaram a viver juntos; l\u00e1 onde o c\u00e9u encontra a Terra, de onde ela traz a noite com seu ad\u00f4.<\/p>\n\n\n\n<p>P\u00e8l\u00e9 \u2018nbo Ew\u00e1 a n\u00edre o<br>\u00d2r\u00ecs\u00e0 yin a \u2018nbo Ew\u00e1<br>Ew\u00e1 a n\u00edre o<\/p>\n\n\n\n<p>Delicadamente cultuamos Ew\u00e1<br>por estarmos felizes<br>Orix\u00e1 estamos cultuando-vos Ew\u00e1<br>Ew\u00e1 estamos felizes.&#8221;<\/p>\n\n\n\n<p>(Reginaldo Prandi, &#8220;Mitologia dos Orix\u00e1s&#8221;).<\/p>\n\n\n\n<p>Extra\u00eddo de Simone Santos. <\/p>\n\n\n\n<p><\/p>\n","protected":false},"excerpt":{"rendered":"<p>&#8220;Ew\u00e1, assim, como Oxumar\u00ea, \u00e9 filha da Orix\u00e1 Nan\u00e3. Ew\u00e1 \u00e9 o horizonte, o encontro do c\u00e9u com a terra. \u00c9 o encontro do c\u00e9u com o mar. Ew\u00e1 era bela e iluminada, mas era solit\u00e1ria e muito calada. Nan\u00e3, ent\u00e3o, preocupada com sua filha, pediu a Orunmil\u00e1 que pusesse um amor em seu caminho, &hellip; <\/p>\n<p><a class=\"more-link block-button\" href=\"http:\/\/omidewa.com.br\/public_html\/arquivos\/2399\">Continue lendo &raquo;<\/a><\/p>\n","protected":false},"author":1,"featured_media":0,"comment_status":"open","ping_status":"open","sticky":false,"template":"","format":"standard","meta":[],"categories":[55],"tags":[],"_links":{"self":[{"href":"http:\/\/omidewa.com.br\/public_html\/wp-json\/wp\/v2\/posts\/2399"}],"collection":[{"href":"http:\/\/omidewa.com.br\/public_html\/wp-json\/wp\/v2\/posts"}],"about":[{"href":"http:\/\/omidewa.com.br\/public_html\/wp-json\/wp\/v2\/types\/post"}],"author":[{"embeddable":true,"href":"http:\/\/omidewa.com.br\/public_html\/wp-json\/wp\/v2\/users\/1"}],"replies":[{"embeddable":true,"href":"http:\/\/omidewa.com.br\/public_html\/wp-json\/wp\/v2\/comments?post=2399"}],"version-history":[{"count":2,"href":"http:\/\/omidewa.com.br\/public_html\/wp-json\/wp\/v2\/posts\/2399\/revisions"}],"predecessor-version":[{"id":2402,"href":"http:\/\/omidewa.com.br\/public_html\/wp-json\/wp\/v2\/posts\/2399\/revisions\/2402"}],"wp:attachment":[{"href":"http:\/\/omidewa.com.br\/public_html\/wp-json\/wp\/v2\/media?parent=2399"}],"wp:term":[{"taxonomy":"category","embeddable":true,"href":"http:\/\/omidewa.com.br\/public_html\/wp-json\/wp\/v2\/categories?post=2399"},{"taxonomy":"post_tag","embeddable":true,"href":"http:\/\/omidewa.com.br\/public_html\/wp-json\/wp\/v2\/tags?post=2399"}],"curies":[{"name":"wp","href":"https:\/\/api.w.org\/{rel}","templated":true}]}}